{"id":267,"date":"2024-10-09T19:47:38","date_gmt":"2024-10-09T17:47:38","guid":{"rendered":"https:\/\/arborethic.com\/JeromeHutin\/?p=267"},"modified":"2024-10-27T00:19:46","modified_gmt":"2024-10-26T22:19:46","slug":"pour-2025-les-nouveaux-calendriers-de-jerome-hutin-sont-en-vente","status":"publish","type":"post","link":"https:\/\/arborethic.com\/JeromeHutin\/index.php\/2024\/10\/09\/pour-2025-les-nouveaux-calendriers-de-jerome-hutin-sont-en-vente\/","title":{"rendered":"Pour 2025, les nouveaux calendriers de J\u00e9r\u00f4me Hutin sont en vente !"},"content":{"rendered":"\n<p class=\"has-black-color has-text-color has-link-color wp-elements-365d0f14ff8253d8d7b6077fd1307eab\">Pour 2025, je continue dans l&rsquo;auto \u00e9dition et le soutien des artisans imprimeurs locaux comme Idgraphic \u00e0 Montignac, au bord de la V\u00e9z\u00e8re, j&rsquo;auto-\u00e9dite mes nouveaux calendriers et agendas dont celui qui se nomme \u00ab\u00a040 ans de photographie\u00a0\u00bb, lequel regroupe quelques dizaine de photos des arbres mais pas seulement.<\/p>\n\n\n\n<p class=\"has-black-color has-text-color has-link-color wp-elements-19f923870201986cac0763b5faad8d7a\">Un grande projet : num\u00e9riser quelques centaines de diapositives de mes voyages, pour en faire un nouveau livre d&rsquo;art repr\u00e9sentant ses 40 ans de photographie. j&rsquo;avais eu mon C.A.P. de photo et laboratoire \u00e0 Orthez (64) entre 1984 et 1986. J&rsquo;ai r\u00e9alis\u00e9 des photos dans le pub, les animaux comme les chiens, les chats pour des \u00e9leveurs et des magazines, ainsi que du photo-filmage et laboratoire NB sur les plages et dans les stations de ski, j&rsquo;ai \u00e9t\u00e9 pionnier pour photographier les touristes sur les cano\u00ebs de la rivi\u00e8re Dordogne, j&rsquo;avais \u00e9t\u00e9 le photographe de la caserne militaire \u00ab\u00a0l&rsquo;ENORSSA\u00a0\u00bb \u00e0 Libourne en 1987. <\/p>\n\n\n\n<p class=\"has-black-color has-text-color has-link-color wp-elements-3fec25093683871bde814cb3893fedac\">Soutenu par un \u00e9diteur JC Latt\u00e8s (Laurent Lafont) et des entreprises internationales, je suis all\u00e9 autour du monde pendant 5 ans (1996&#8230;2002) pour photographier les arbres v\u00e9n\u00e9rables de la plan\u00e8te. Voir mon site <a href=\"http:\/\/arbresvenerables.fr\" target=\"_blank\" rel=\"noreferrer noopener\">http:\/\/arbresvenerables.fr<\/a> , j&rsquo;ai cr\u00e9\u00e9 des expositions et projections g\u00e9antes, soutenu par des villes comme Epinal dans les Vosges, et Terrasson-Lavilledieu, dans la Vall\u00e9e de la V\u00e9z\u00e8re.<\/p>\n\n\n\n<p class=\"has-black-color has-text-color has-link-color wp-elements-d148a99217e02ff49a954de318eee555\"><strong><span class=\"has-inline-color has-vivid-red-color\">Vous pourrez maintenant commander en ligne mon calendrier 2025 \u00ab\u00a040 ans de photographie\u00a0\u00bb sur<\/span> <a href=\"https:\/\/www.jeromehutin-photographe.fr\/boutique-arbor-ethic?store-page=Calendrier-2025-40-ans-de-photographies-de-J%C3%A9r%C3%B4me-Hutin-p701962848\" target=\"_blank\" rel=\"noreferrer noopener\">http:\/\/jeromehutin-photographe.fr<\/a><\/strong> mais aussi directement en allant \u00e0 ma rencontre. <\/p>\n\n\n\n<p class=\"has-black-color has-text-color has-link-color wp-elements-80ca71e377ff7afdb0847b60f409ee25\"><strong>Pour les entreprises, des prix d\u00e9gressifs sont possibles tout comme ins\u00e9rer une ou plusieurs pages de vos entreprises. Comme cela est le cas avec <a href=\"http:\/\/delmon-group.com\" data-type=\"URL\" data-id=\"http:\/\/delmon-group.com\" target=\"_blank\" rel=\"noreferrer noopener\">Delmon Group<\/a> et <a href=\"https:\/\/lescompagnonsreunis.com\/\" data-type=\"URL\" data-id=\"https:\/\/lescompagnonsreunis.com\/\" target=\"_blank\" rel=\"noreferrer noopener\">Les Compagnons R\u00e9unis<\/a>. Mes calendriers ont \u00e9t\u00e9 personnalis\u00e9s \u00e0 l&rsquo;image de leurs soci\u00e9t\u00e9s.<\/strong><\/p>\n\n\n\n<p class=\"has-white-color has-text-color has-link-color wp-elements-52bef2a88bc763dbeaba7529ae48bb98\">Voici quelques exemple des pages de mon nouveau calendrier \u00ab\u00a040 ans de photographie\u00a0\u00bb. <\/p>\n\n\n\n<p class=\"has-black-color has-text-color has-link-color wp-elements-900f226067f7b3cb2eeeed6eff98097c\">A BIENT\u00d4T ! MERCI ! Prenez soin de vous et de notre entourage, famille, ami(e)s, coll\u00e8gues de boulot, etc !!!<\/p>\n\n\n\n<p class=\"has-vivid-red-color has-text-color has-link-color has-large-font-size wp-elements-53c66246525d8ed49c4162caa4afddd5\"><strong><a href=\"https:\/\/arborethic.com\/JeromeHutin\/wp-content\/uploads\/2024\/10\/bon-de-souscription-calendrier-2025web.pdf\" target=\"_blank\" rel=\"noreferrer noopener\">T\u00e9l\u00e9chargez le bon de commande <\/a><\/strong><\/p>\n\n\n\n<figure class=\"wp-block-image size-large is-style-default\"><a href=\"https:\/\/arborethic.com\/JeromeHutin\/wp-content\/uploads\/2024\/10\/bon-de-souscription-calendrier-2025web.pdf\" target=\"_blank\" rel=\"noreferrer noopener\"><img loading=\"lazy\" decoding=\"async\" width=\"724\" height=\"1024\" src=\"https:\/\/arborethic.com\/JeromeHutin\/wp-content\/uploads\/2024\/10\/calendrier-2025_40ans-Photographies-A3-FINAL-724x1024.jpg\" alt=\"\" class=\"wp-image-140\" srcset=\"https:\/\/arborethic.com\/JeromeHutin\/wp-content\/uploads\/2024\/10\/calendrier-2025_40ans-Photographies-A3-FINAL-724x1024.jpg 724w, https:\/\/arborethic.com\/JeromeHutin\/wp-content\/uploads\/2024\/10\/calendrier-2025_40ans-Photographies-A3-FINAL-212x300.jpg 212w, https:\/\/arborethic.com\/JeromeHutin\/wp-content\/uploads\/2024\/10\/calendrier-2025_40ans-Photographies-A3-FINAL-768x1086.jpg 768w, https:\/\/arborethic.com\/JeromeHutin\/wp-content\/uploads\/2024\/10\/calendrier-2025_40ans-Photographies-A3-FINAL-1086x1536.jpg 1086w, https:\/\/arborethic.com\/JeromeHutin\/wp-content\/uploads\/2024\/10\/calendrier-2025_40ans-Photographies-A3-FINAL-1448x2048.jpg 1448w, https:\/\/arborethic.com\/JeromeHutin\/wp-content\/uploads\/2024\/10\/calendrier-2025_40ans-Photographies-A3-FINAL-1140x1612.jpg 1140w, https:\/\/arborethic.com\/JeromeHutin\/wp-content\/uploads\/2024\/10\/calendrier-2025_40ans-Photographies-A3-FINAL.jpg 1754w\" sizes=\"(max-width: 724px) 100vw, 724px\" \/><\/a><\/figure>\n\n\n\n<div class=\"wp-block-group\"><div class=\"wp-block-group__inner-container is-layout-flow wp-block-group-is-layout-flow\">\n<div class=\"wp-block-group\"><div class=\"wp-block-group__inner-container is-layout-flow wp-block-group-is-layout-flow\">\n<div class=\"wp-block-group\"><div class=\"wp-block-group__inner-container is-layout-flow wp-block-group-is-layout-flow\">\n<figure class=\"wp-block-gallery has-nested-images columns-2 is-cropped wp-block-gallery-1 is-layout-flex wp-block-gallery-is-layout-flex\">\n<figure class=\"wp-block-image size-large\"><img loading=\"lazy\" decoding=\"async\" width=\"724\" height=\"1024\" src=\"https:\/\/arborethic.com\/JeromeHutin\/wp-content\/uploads\/2024\/10\/calendrier-2025_40ans-Photographies-A3-FINAL-724x1024.jpg\" alt=\"\" class=\"wp-image-140\" srcset=\"https:\/\/arborethic.com\/JeromeHutin\/wp-content\/uploads\/2024\/10\/calendrier-2025_40ans-Photographies-A3-FINAL-724x1024.jpg 724w, https:\/\/arborethic.com\/JeromeHutin\/wp-content\/uploads\/2024\/10\/calendrier-2025_40ans-Photographies-A3-FINAL-212x300.jpg 212w, https:\/\/arborethic.com\/JeromeHutin\/wp-content\/uploads\/2024\/10\/calendrier-2025_40ans-Photographies-A3-FINAL-768x1086.jpg 768w, https:\/\/arborethic.com\/JeromeHutin\/wp-content\/uploads\/2024\/10\/calendrier-2025_40ans-Photographies-A3-FINAL-1086x1536.jpg 1086w, https:\/\/arborethic.com\/JeromeHutin\/wp-content\/uploads\/2024\/10\/calendrier-2025_40ans-Photographies-A3-FINAL-1448x2048.jpg 1448w, https:\/\/arborethic.com\/JeromeHutin\/wp-content\/uploads\/2024\/10\/calendrier-2025_40ans-Photographies-A3-FINAL-1140x1612.jpg 1140w, https:\/\/arborethic.com\/JeromeHutin\/wp-content\/uploads\/2024\/10\/calendrier-2025_40ans-Photographies-A3-FINAL.jpg 1754w\" sizes=\"(max-width: 724px) 100vw, 724px\" \/><\/figure>\n\n\n\n<figure class=\"wp-block-image size-large\"><img loading=\"lazy\" decoding=\"async\" width=\"724\" height=\"1024\" src=\"https:\/\/arborethic.com\/JeromeHutin\/wp-content\/uploads\/2024\/10\/calendrier-2025_40ans-Photographies-A3-FINAL2-724x1024.jpg\" alt=\"\" class=\"wp-image-141\" srcset=\"https:\/\/arborethic.com\/JeromeHutin\/wp-content\/uploads\/2024\/10\/calendrier-2025_40ans-Photographies-A3-FINAL2-724x1024.jpg 724w, https:\/\/arborethic.com\/JeromeHutin\/wp-content\/uploads\/2024\/10\/calendrier-2025_40ans-Photographies-A3-FINAL2-212x300.jpg 212w, https:\/\/arborethic.com\/JeromeHutin\/wp-content\/uploads\/2024\/10\/calendrier-2025_40ans-Photographies-A3-FINAL2-768x1086.jpg 768w, https:\/\/arborethic.com\/JeromeHutin\/wp-content\/uploads\/2024\/10\/calendrier-2025_40ans-Photographies-A3-FINAL2-1086x1536.jpg 1086w, https:\/\/arborethic.com\/JeromeHutin\/wp-content\/uploads\/2024\/10\/calendrier-2025_40ans-Photographies-A3-FINAL2-1448x2048.jpg 1448w, https:\/\/arborethic.com\/JeromeHutin\/wp-content\/uploads\/2024\/10\/calendrier-2025_40ans-Photographies-A3-FINAL2-1140x1612.jpg 1140w, https:\/\/arborethic.com\/JeromeHutin\/wp-content\/uploads\/2024\/10\/calendrier-2025_40ans-Photographies-A3-FINAL2.jpg 1754w\" sizes=\"(max-width: 724px) 100vw, 724px\" \/><\/figure>\n\n\n\n<figure class=\"wp-block-image size-large\"><img loading=\"lazy\" decoding=\"async\" width=\"724\" height=\"1024\" src=\"https:\/\/arborethic.com\/JeromeHutin\/wp-content\/uploads\/2024\/10\/calendrier-2025_40ans-Photographies-A3-FINAL3-724x1024.jpg\" alt=\"\" class=\"wp-image-142\" srcset=\"https:\/\/arborethic.com\/JeromeHutin\/wp-content\/uploads\/2024\/10\/calendrier-2025_40ans-Photographies-A3-FINAL3-724x1024.jpg 724w, https:\/\/arborethic.com\/JeromeHutin\/wp-content\/uploads\/2024\/10\/calendrier-2025_40ans-Photographies-A3-FINAL3-212x300.jpg 212w, https:\/\/arborethic.com\/JeromeHutin\/wp-content\/uploads\/2024\/10\/calendrier-2025_40ans-Photographies-A3-FINAL3-768x1086.jpg 768w, https:\/\/arborethic.com\/JeromeHutin\/wp-content\/uploads\/2024\/10\/calendrier-2025_40ans-Photographies-A3-FINAL3-1086x1536.jpg 1086w, https:\/\/arborethic.com\/JeromeHutin\/wp-content\/uploads\/2024\/10\/calendrier-2025_40ans-Photographies-A3-FINAL3-1448x2048.jpg 1448w, https:\/\/arborethic.com\/JeromeHutin\/wp-content\/uploads\/2024\/10\/calendrier-2025_40ans-Photographies-A3-FINAL3-1140x1612.jpg 1140w, https:\/\/arborethic.com\/JeromeHutin\/wp-content\/uploads\/2024\/10\/calendrier-2025_40ans-Photographies-A3-FINAL3.jpg 1754w\" sizes=\"(max-width: 724px) 100vw, 724px\" \/><\/figure>\n\n\n\n<figure class=\"wp-block-image size-large\"><img loading=\"lazy\" decoding=\"async\" width=\"724\" height=\"1024\" src=\"https:\/\/arborethic.com\/JeromeHutin\/wp-content\/uploads\/2024\/10\/calendrier-2025_40ans-Photographies-A3-FINAL4-724x1024.jpg\" alt=\"\" class=\"wp-image-143\" srcset=\"https:\/\/arborethic.com\/JeromeHutin\/wp-content\/uploads\/2024\/10\/calendrier-2025_40ans-Photographies-A3-FINAL4-724x1024.jpg 724w, https:\/\/arborethic.com\/JeromeHutin\/wp-content\/uploads\/2024\/10\/calendrier-2025_40ans-Photographies-A3-FINAL4-212x300.jpg 212w, https:\/\/arborethic.com\/JeromeHutin\/wp-content\/uploads\/2024\/10\/calendrier-2025_40ans-Photographies-A3-FINAL4-768x1086.jpg 768w, https:\/\/arborethic.com\/JeromeHutin\/wp-content\/uploads\/2024\/10\/calendrier-2025_40ans-Photographies-A3-FINAL4-1086x1536.jpg 1086w, https:\/\/arborethic.com\/JeromeHutin\/wp-content\/uploads\/2024\/10\/calendrier-2025_40ans-Photographies-A3-FINAL4-1448x2048.jpg 1448w, https:\/\/arborethic.com\/JeromeHutin\/wp-content\/uploads\/2024\/10\/calendrier-2025_40ans-Photographies-A3-FINAL4-1140x1612.jpg 1140w, https:\/\/arborethic.com\/JeromeHutin\/wp-content\/uploads\/2024\/10\/calendrier-2025_40ans-Photographies-A3-FINAL4.jpg 1754w\" sizes=\"(max-width: 724px) 100vw, 724px\" \/><\/figure>\n\n\n\n<figure class=\"wp-block-image size-large\"><img loading=\"lazy\" decoding=\"async\" width=\"724\" height=\"1024\" src=\"https:\/\/arborethic.com\/JeromeHutin\/wp-content\/uploads\/2024\/10\/calendrier-2025_40ans-Photographies-A3-FINAL5-724x1024.jpg\" alt=\"\" class=\"wp-image-144\" srcset=\"https:\/\/arborethic.com\/JeromeHutin\/wp-content\/uploads\/2024\/10\/calendrier-2025_40ans-Photographies-A3-FINAL5-724x1024.jpg 724w, https:\/\/arborethic.com\/JeromeHutin\/wp-content\/uploads\/2024\/10\/calendrier-2025_40ans-Photographies-A3-FINAL5-212x300.jpg 212w, https:\/\/arborethic.com\/JeromeHutin\/wp-content\/uploads\/2024\/10\/calendrier-2025_40ans-Photographies-A3-FINAL5-768x1086.jpg 768w, https:\/\/arborethic.com\/JeromeHutin\/wp-content\/uploads\/2024\/10\/calendrier-2025_40ans-Photographies-A3-FINAL5-1086x1536.jpg 1086w, https:\/\/arborethic.com\/JeromeHutin\/wp-content\/uploads\/2024\/10\/calendrier-2025_40ans-Photographies-A3-FINAL5-1448x2048.jpg 1448w, https:\/\/arborethic.com\/JeromeHutin\/wp-content\/uploads\/2024\/10\/calendrier-2025_40ans-Photographies-A3-FINAL5-1140x1612.jpg 1140w, https:\/\/arborethic.com\/JeromeHutin\/wp-content\/uploads\/2024\/10\/calendrier-2025_40ans-Photographies-A3-FINAL5.jpg 1754w\" sizes=\"(max-width: 724px) 100vw, 724px\" \/><\/figure>\n\n\n\n<figure class=\"wp-block-image size-large\"><img loading=\"lazy\" decoding=\"async\" width=\"724\" height=\"1024\" src=\"https:\/\/arborethic.com\/JeromeHutin\/wp-content\/uploads\/2024\/10\/calendrier-2025_40ans-Photographies-A3-FINAL6-724x1024.jpg\" alt=\"\" class=\"wp-image-145\" srcset=\"https:\/\/arborethic.com\/JeromeHutin\/wp-content\/uploads\/2024\/10\/calendrier-2025_40ans-Photographies-A3-FINAL6-724x1024.jpg 724w, https:\/\/arborethic.com\/JeromeHutin\/wp-content\/uploads\/2024\/10\/calendrier-2025_40ans-Photographies-A3-FINAL6-212x300.jpg 212w, https:\/\/arborethic.com\/JeromeHutin\/wp-content\/uploads\/2024\/10\/calendrier-2025_40ans-Photographies-A3-FINAL6-768x1086.jpg 768w, https:\/\/arborethic.com\/JeromeHutin\/wp-content\/uploads\/2024\/10\/calendrier-2025_40ans-Photographies-A3-FINAL6-1086x1536.jpg 1086w, https:\/\/arborethic.com\/JeromeHutin\/wp-content\/uploads\/2024\/10\/calendrier-2025_40ans-Photographies-A3-FINAL6-1448x2048.jpg 1448w, https:\/\/arborethic.com\/JeromeHutin\/wp-content\/uploads\/2024\/10\/calendrier-2025_40ans-Photographies-A3-FINAL6-1140x1612.jpg 1140w, https:\/\/arborethic.com\/JeromeHutin\/wp-content\/uploads\/2024\/10\/calendrier-2025_40ans-Photographies-A3-FINAL6.jpg 1754w\" sizes=\"(max-width: 724px) 100vw, 724px\" \/><\/figure>\n\n\n\n<figure class=\"wp-block-image size-large\"><img loading=\"lazy\" decoding=\"async\" width=\"724\" height=\"1024\" src=\"https:\/\/arborethic.com\/JeromeHutin\/wp-content\/uploads\/2024\/10\/calendrier-2025_40ans-Photographies-A3-FINAL7-724x1024.jpg\" alt=\"\" class=\"wp-image-146\" srcset=\"https:\/\/arborethic.com\/JeromeHutin\/wp-content\/uploads\/2024\/10\/calendrier-2025_40ans-Photographies-A3-FINAL7-724x1024.jpg 724w, https:\/\/arborethic.com\/JeromeHutin\/wp-content\/uploads\/2024\/10\/calendrier-2025_40ans-Photographies-A3-FINAL7-212x300.jpg 212w, https:\/\/arborethic.com\/JeromeHutin\/wp-content\/uploads\/2024\/10\/calendrier-2025_40ans-Photographies-A3-FINAL7-768x1086.jpg 768w, https:\/\/arborethic.com\/JeromeHutin\/wp-content\/uploads\/2024\/10\/calendrier-2025_40ans-Photographies-A3-FINAL7-1086x1536.jpg 1086w, https:\/\/arborethic.com\/JeromeHutin\/wp-content\/uploads\/2024\/10\/calendrier-2025_40ans-Photographies-A3-FINAL7-1448x2048.jpg 1448w, https:\/\/arborethic.com\/JeromeHutin\/wp-content\/uploads\/2024\/10\/calendrier-2025_40ans-Photographies-A3-FINAL7-1140x1612.jpg 1140w, https:\/\/arborethic.com\/JeromeHutin\/wp-content\/uploads\/2024\/10\/calendrier-2025_40ans-Photographies-A3-FINAL7.jpg 1754w\" sizes=\"(max-width: 724px) 100vw, 724px\" \/><\/figure>\n\n\n\n<figure class=\"wp-block-image size-large\"><img loading=\"lazy\" decoding=\"async\" width=\"724\" height=\"1024\" src=\"https:\/\/arborethic.com\/JeromeHutin\/wp-content\/uploads\/2024\/10\/calendrier-2025_40ans-Photographies-A3-FINAL9-724x1024.jpg\" alt=\"\" class=\"wp-image-147\" srcset=\"https:\/\/arborethic.com\/JeromeHutin\/wp-content\/uploads\/2024\/10\/calendrier-2025_40ans-Photographies-A3-FINAL9-724x1024.jpg 724w, https:\/\/arborethic.com\/JeromeHutin\/wp-content\/uploads\/2024\/10\/calendrier-2025_40ans-Photographies-A3-FINAL9-212x300.jpg 212w, https:\/\/arborethic.com\/JeromeHutin\/wp-content\/uploads\/2024\/10\/calendrier-2025_40ans-Photographies-A3-FINAL9-768x1086.jpg 768w, https:\/\/arborethic.com\/JeromeHutin\/wp-content\/uploads\/2024\/10\/calendrier-2025_40ans-Photographies-A3-FINAL9-1086x1536.jpg 1086w, https:\/\/arborethic.com\/JeromeHutin\/wp-content\/uploads\/2024\/10\/calendrier-2025_40ans-Photographies-A3-FINAL9-1448x2048.jpg 1448w, https:\/\/arborethic.com\/JeromeHutin\/wp-content\/uploads\/2024\/10\/calendrier-2025_40ans-Photographies-A3-FINAL9-1140x1612.jpg 1140w, https:\/\/arborethic.com\/JeromeHutin\/wp-content\/uploads\/2024\/10\/calendrier-2025_40ans-Photographies-A3-FINAL9.jpg 1754w\" sizes=\"(max-width: 724px) 100vw, 724px\" \/><\/figure>\n\n\n\n<figure class=\"wp-block-image size-large\"><img loading=\"lazy\" decoding=\"async\" width=\"724\" height=\"1024\" src=\"https:\/\/arborethic.com\/JeromeHutin\/wp-content\/uploads\/2024\/10\/calendrier-2025_40ans-Photographies-A3-FINAL11-724x1024.jpg\" alt=\"\" class=\"wp-image-148\" srcset=\"https:\/\/arborethic.com\/JeromeHutin\/wp-content\/uploads\/2024\/10\/calendrier-2025_40ans-Photographies-A3-FINAL11-724x1024.jpg 724w, https:\/\/arborethic.com\/JeromeHutin\/wp-content\/uploads\/2024\/10\/calendrier-2025_40ans-Photographies-A3-FINAL11-212x300.jpg 212w, https:\/\/arborethic.com\/JeromeHutin\/wp-content\/uploads\/2024\/10\/calendrier-2025_40ans-Photographies-A3-FINAL11-768x1086.jpg 768w, https:\/\/arborethic.com\/JeromeHutin\/wp-content\/uploads\/2024\/10\/calendrier-2025_40ans-Photographies-A3-FINAL11-1086x1536.jpg 1086w, https:\/\/arborethic.com\/JeromeHutin\/wp-content\/uploads\/2024\/10\/calendrier-2025_40ans-Photographies-A3-FINAL11-1448x2048.jpg 1448w, https:\/\/arborethic.com\/JeromeHutin\/wp-content\/uploads\/2024\/10\/calendrier-2025_40ans-Photographies-A3-FINAL11-1140x1612.jpg 1140w, https:\/\/arborethic.com\/JeromeHutin\/wp-content\/uploads\/2024\/10\/calendrier-2025_40ans-Photographies-A3-FINAL11.jpg 1754w\" sizes=\"(max-width: 724px) 100vw, 724px\" \/><\/figure>\n\n\n\n<figure class=\"wp-block-image size-large\"><img loading=\"lazy\" decoding=\"async\" width=\"724\" height=\"1024\" src=\"https:\/\/arborethic.com\/JeromeHutin\/wp-content\/uploads\/2024\/10\/calendrier-2025_40ans-Photographies-A3-FINAL12-724x1024.jpg\" alt=\"\" class=\"wp-image-149\" srcset=\"https:\/\/arborethic.com\/JeromeHutin\/wp-content\/uploads\/2024\/10\/calendrier-2025_40ans-Photographies-A3-FINAL12-724x1024.jpg 724w, https:\/\/arborethic.com\/JeromeHutin\/wp-content\/uploads\/2024\/10\/calendrier-2025_40ans-Photographies-A3-FINAL12-212x300.jpg 212w, https:\/\/arborethic.com\/JeromeHutin\/wp-content\/uploads\/2024\/10\/calendrier-2025_40ans-Photographies-A3-FINAL12-768x1086.jpg 768w, https:\/\/arborethic.com\/JeromeHutin\/wp-content\/uploads\/2024\/10\/calendrier-2025_40ans-Photographies-A3-FINAL12-1086x1536.jpg 1086w, https:\/\/arborethic.com\/JeromeHutin\/wp-content\/uploads\/2024\/10\/calendrier-2025_40ans-Photographies-A3-FINAL12-1448x2048.jpg 1448w, https:\/\/arborethic.com\/JeromeHutin\/wp-content\/uploads\/2024\/10\/calendrier-2025_40ans-Photographies-A3-FINAL12-1140x1612.jpg 1140w, https:\/\/arborethic.com\/JeromeHutin\/wp-content\/uploads\/2024\/10\/calendrier-2025_40ans-Photographies-A3-FINAL12.jpg 1754w\" sizes=\"(max-width: 724px) 100vw, 724px\" \/><\/figure>\n\n\n\n<figure class=\"wp-block-image size-large\"><img loading=\"lazy\" decoding=\"async\" width=\"724\" height=\"1024\" src=\"https:\/\/arborethic.com\/JeromeHutin\/wp-content\/uploads\/2024\/10\/calendrier-2025_40ans-Photographies-A3-FINAL13-724x1024.jpg\" alt=\"\" class=\"wp-image-150\" srcset=\"https:\/\/arborethic.com\/JeromeHutin\/wp-content\/uploads\/2024\/10\/calendrier-2025_40ans-Photographies-A3-FINAL13-724x1024.jpg 724w, https:\/\/arborethic.com\/JeromeHutin\/wp-content\/uploads\/2024\/10\/calendrier-2025_40ans-Photographies-A3-FINAL13-212x300.jpg 212w, https:\/\/arborethic.com\/JeromeHutin\/wp-content\/uploads\/2024\/10\/calendrier-2025_40ans-Photographies-A3-FINAL13-768x1086.jpg 768w, https:\/\/arborethic.com\/JeromeHutin\/wp-content\/uploads\/2024\/10\/calendrier-2025_40ans-Photographies-A3-FINAL13-1086x1536.jpg 1086w, https:\/\/arborethic.com\/JeromeHutin\/wp-content\/uploads\/2024\/10\/calendrier-2025_40ans-Photographies-A3-FINAL13-1448x2048.jpg 1448w, https:\/\/arborethic.com\/JeromeHutin\/wp-content\/uploads\/2024\/10\/calendrier-2025_40ans-Photographies-A3-FINAL13-1140x1612.jpg 1140w, https:\/\/arborethic.com\/JeromeHutin\/wp-content\/uploads\/2024\/10\/calendrier-2025_40ans-Photographies-A3-FINAL13.jpg 1754w\" sizes=\"(max-width: 724px) 100vw, 724px\" \/><\/figure>\n\n\n\n<figure class=\"wp-block-image size-large\"><img loading=\"lazy\" decoding=\"async\" width=\"724\" height=\"1024\" src=\"https:\/\/arborethic.com\/JeromeHutin\/wp-content\/uploads\/2024\/10\/calendrier-2025_40ans-Photographies-A3-FINAL16-724x1024.jpg\" alt=\"\" class=\"wp-image-151\" srcset=\"https:\/\/arborethic.com\/JeromeHutin\/wp-content\/uploads\/2024\/10\/calendrier-2025_40ans-Photographies-A3-FINAL16-724x1024.jpg 724w, https:\/\/arborethic.com\/JeromeHutin\/wp-content\/uploads\/2024\/10\/calendrier-2025_40ans-Photographies-A3-FINAL16-212x300.jpg 212w, https:\/\/arborethic.com\/JeromeHutin\/wp-content\/uploads\/2024\/10\/calendrier-2025_40ans-Photographies-A3-FINAL16-768x1086.jpg 768w, https:\/\/arborethic.com\/JeromeHutin\/wp-content\/uploads\/2024\/10\/calendrier-2025_40ans-Photographies-A3-FINAL16-1086x1536.jpg 1086w, https:\/\/arborethic.com\/JeromeHutin\/wp-content\/uploads\/2024\/10\/calendrier-2025_40ans-Photographies-A3-FINAL16-1448x2048.jpg 1448w, https:\/\/arborethic.com\/JeromeHutin\/wp-content\/uploads\/2024\/10\/calendrier-2025_40ans-Photographies-A3-FINAL16-1140x1612.jpg 1140w, https:\/\/arborethic.com\/JeromeHutin\/wp-content\/uploads\/2024\/10\/calendrier-2025_40ans-Photographies-A3-FINAL16.jpg 1754w\" sizes=\"(max-width: 724px) 100vw, 724px\" \/><\/figure>\n<\/figure>\n<\/div><\/div>\n<\/div><\/div>\n<\/div><\/div>\n\n\n\n<p class=\"has-black-color has-text-color has-link-color wp-elements-da9e574a48ce897af4da299264bf1136\"><span class=\"has-inline-color has-vivid-red-color\"><strong>Vous pourrez le commander en ligne sur <a rel=\"noreferrer noopener\" href=\"http:\/\/jeromehutin-photographe.fr\" target=\"_blank\">http:\/\/jeromehutin-photographe.fr<\/a><\/strong><\/span><\/p>\n\n\n\n<p class=\"has-black-color has-text-color has-link-color wp-elements-d4b02bf9af955310616b522f2465e6e8\">Voici les calendriers que je r\u00e9alise pour <a href=\"http:\/\/www.delmon-goup.com\" data-type=\"link\" data-id=\"http:\/\/www.delmon-goup.com\" target=\"_blank\" rel=\"noreferrer noopener\"><strong>Delmon Group<\/strong><\/a> et pour <a href=\"https:\/\/lescompagnonsreunis.com\/\" data-type=\"link\" data-id=\"https:\/\/lescompagnonsreunis.com\/\" target=\"_blank\" rel=\"noreferrer noopener\"><strong>Les Compagnons R\u00e9unis<\/strong><\/a> (Georges Lafaye qui depuis quelques ann\u00e9es me fait confiance pour les d\u00e9pliants, le site internet, les calendriers)<\/p>\n\n\n\n<figure class=\"wp-block-image size-large is-style-default\"><img loading=\"lazy\" decoding=\"async\" width=\"724\" height=\"1024\" src=\"https:\/\/arborethic.com\/JeromeHutin\/wp-content\/uploads\/2024\/10\/calendrier-2025_DELMON-GROUP-FINAL-724x1024.jpg\" alt=\"\" class=\"wp-image-158\" srcset=\"https:\/\/arborethic.com\/JeromeHutin\/wp-content\/uploads\/2024\/10\/calendrier-2025_DELMON-GROUP-FINAL-724x1024.jpg 724w, https:\/\/arborethic.com\/JeromeHutin\/wp-content\/uploads\/2024\/10\/calendrier-2025_DELMON-GROUP-FINAL-212x300.jpg 212w, https:\/\/arborethic.com\/JeromeHutin\/wp-content\/uploads\/2024\/10\/calendrier-2025_DELMON-GROUP-FINAL-768x1086.jpg 768w, https:\/\/arborethic.com\/JeromeHutin\/wp-content\/uploads\/2024\/10\/calendrier-2025_DELMON-GROUP-FINAL-1086x1536.jpg 1086w, https:\/\/arborethic.com\/JeromeHutin\/wp-content\/uploads\/2024\/10\/calendrier-2025_DELMON-GROUP-FINAL-1448x2048.jpg 1448w, https:\/\/arborethic.com\/JeromeHutin\/wp-content\/uploads\/2024\/10\/calendrier-2025_DELMON-GROUP-FINAL-1140x1612.jpg 1140w, https:\/\/arborethic.com\/JeromeHutin\/wp-content\/uploads\/2024\/10\/calendrier-2025_DELMON-GROUP-FINAL.jpg 1754w\" sizes=\"(max-width: 724px) 100vw, 724px\" \/><\/figure>\n\n\n\n<figure class=\"wp-block-gallery has-nested-images columns-2 is-cropped wp-block-gallery-2 is-layout-flex wp-block-gallery-is-layout-flex\">\n<figure class=\"wp-block-image size-large\"><img loading=\"lazy\" decoding=\"async\" width=\"724\" height=\"1024\" data-id=\"159\" src=\"https:\/\/arborethic.com\/JeromeHutin\/wp-content\/uploads\/2024\/10\/calendrier-2025_DELMON-GROUP-FINAL2-724x1024.jpg\" alt=\"\" class=\"wp-image-159\" srcset=\"https:\/\/arborethic.com\/JeromeHutin\/wp-content\/uploads\/2024\/10\/calendrier-2025_DELMON-GROUP-FINAL2-724x1024.jpg 724w, https:\/\/arborethic.com\/JeromeHutin\/wp-content\/uploads\/2024\/10\/calendrier-2025_DELMON-GROUP-FINAL2-212x300.jpg 212w, https:\/\/arborethic.com\/JeromeHutin\/wp-content\/uploads\/2024\/10\/calendrier-2025_DELMON-GROUP-FINAL2-768x1086.jpg 768w, https:\/\/arborethic.com\/JeromeHutin\/wp-content\/uploads\/2024\/10\/calendrier-2025_DELMON-GROUP-FINAL2-1086x1536.jpg 1086w, https:\/\/arborethic.com\/JeromeHutin\/wp-content\/uploads\/2024\/10\/calendrier-2025_DELMON-GROUP-FINAL2-1448x2048.jpg 1448w, https:\/\/arborethic.com\/JeromeHutin\/wp-content\/uploads\/2024\/10\/calendrier-2025_DELMON-GROUP-FINAL2-1140x1612.jpg 1140w, https:\/\/arborethic.com\/JeromeHutin\/wp-content\/uploads\/2024\/10\/calendrier-2025_DELMON-GROUP-FINAL2.jpg 1754w\" sizes=\"(max-width: 724px) 100vw, 724px\" \/><\/figure>\n\n\n\n<figure class=\"wp-block-image size-large\"><img loading=\"lazy\" decoding=\"async\" width=\"724\" height=\"1024\" data-id=\"160\" src=\"https:\/\/arborethic.com\/JeromeHutin\/wp-content\/uploads\/2024\/10\/calendrier-2025_DELMON-GROUP-FINAL3-724x1024.jpg\" alt=\"\" class=\"wp-image-160\" srcset=\"https:\/\/arborethic.com\/JeromeHutin\/wp-content\/uploads\/2024\/10\/calendrier-2025_DELMON-GROUP-FINAL3-724x1024.jpg 724w, https:\/\/arborethic.com\/JeromeHutin\/wp-content\/uploads\/2024\/10\/calendrier-2025_DELMON-GROUP-FINAL3-212x300.jpg 212w, https:\/\/arborethic.com\/JeromeHutin\/wp-content\/uploads\/2024\/10\/calendrier-2025_DELMON-GROUP-FINAL3-768x1086.jpg 768w, https:\/\/arborethic.com\/JeromeHutin\/wp-content\/uploads\/2024\/10\/calendrier-2025_DELMON-GROUP-FINAL3-1086x1536.jpg 1086w, https:\/\/arborethic.com\/JeromeHutin\/wp-content\/uploads\/2024\/10\/calendrier-2025_DELMON-GROUP-FINAL3-1448x2048.jpg 1448w, https:\/\/arborethic.com\/JeromeHutin\/wp-content\/uploads\/2024\/10\/calendrier-2025_DELMON-GROUP-FINAL3-1140x1612.jpg 1140w, https:\/\/arborethic.com\/JeromeHutin\/wp-content\/uploads\/2024\/10\/calendrier-2025_DELMON-GROUP-FINAL3.jpg 1754w\" sizes=\"(max-width: 724px) 100vw, 724px\" \/><\/figure>\n\n\n\n<figure class=\"wp-block-image size-large\"><img loading=\"lazy\" decoding=\"async\" width=\"724\" height=\"1024\" data-id=\"161\" src=\"https:\/\/arborethic.com\/JeromeHutin\/wp-content\/uploads\/2024\/10\/calendrier-2025_DELMON-GROUP-FINAL4-724x1024.jpg\" alt=\"\" class=\"wp-image-161\" srcset=\"https:\/\/arborethic.com\/JeromeHutin\/wp-content\/uploads\/2024\/10\/calendrier-2025_DELMON-GROUP-FINAL4-724x1024.jpg 724w, https:\/\/arborethic.com\/JeromeHutin\/wp-content\/uploads\/2024\/10\/calendrier-2025_DELMON-GROUP-FINAL4-212x300.jpg 212w, https:\/\/arborethic.com\/JeromeHutin\/wp-content\/uploads\/2024\/10\/calendrier-2025_DELMON-GROUP-FINAL4-768x1086.jpg 768w, https:\/\/arborethic.com\/JeromeHutin\/wp-content\/uploads\/2024\/10\/calendrier-2025_DELMON-GROUP-FINAL4-1086x1536.jpg 1086w, https:\/\/arborethic.com\/JeromeHutin\/wp-content\/uploads\/2024\/10\/calendrier-2025_DELMON-GROUP-FINAL4-1448x2048.jpg 1448w, https:\/\/arborethic.com\/JeromeHutin\/wp-content\/uploads\/2024\/10\/calendrier-2025_DELMON-GROUP-FINAL4-1140x1612.jpg 1140w, https:\/\/arborethic.com\/JeromeHutin\/wp-content\/uploads\/2024\/10\/calendrier-2025_DELMON-GROUP-FINAL4.jpg 1754w\" sizes=\"(max-width: 724px) 100vw, 724px\" \/><\/figure>\n\n\n\n<figure class=\"wp-block-image size-large\"><img loading=\"lazy\" decoding=\"async\" width=\"724\" height=\"1024\" data-id=\"162\" src=\"https:\/\/arborethic.com\/JeromeHutin\/wp-content\/uploads\/2024\/10\/calendrier-2025_DELMON-GROUP-FINAL5-724x1024.jpg\" alt=\"\" class=\"wp-image-162\" srcset=\"https:\/\/arborethic.com\/JeromeHutin\/wp-content\/uploads\/2024\/10\/calendrier-2025_DELMON-GROUP-FINAL5-724x1024.jpg 724w, https:\/\/arborethic.com\/JeromeHutin\/wp-content\/uploads\/2024\/10\/calendrier-2025_DELMON-GROUP-FINAL5-212x300.jpg 212w, https:\/\/arborethic.com\/JeromeHutin\/wp-content\/uploads\/2024\/10\/calendrier-2025_DELMON-GROUP-FINAL5-768x1086.jpg 768w, https:\/\/arborethic.com\/JeromeHutin\/wp-content\/uploads\/2024\/10\/calendrier-2025_DELMON-GROUP-FINAL5-1086x1536.jpg 1086w, https:\/\/arborethic.com\/JeromeHutin\/wp-content\/uploads\/2024\/10\/calendrier-2025_DELMON-GROUP-FINAL5-1448x2048.jpg 1448w, https:\/\/arborethic.com\/JeromeHutin\/wp-content\/uploads\/2024\/10\/calendrier-2025_DELMON-GROUP-FINAL5-1140x1612.jpg 1140w, https:\/\/arborethic.com\/JeromeHutin\/wp-content\/uploads\/2024\/10\/calendrier-2025_DELMON-GROUP-FINAL5.jpg 1754w\" sizes=\"(max-width: 724px) 100vw, 724px\" \/><\/figure>\n\n\n\n<figure class=\"wp-block-image size-large\"><img loading=\"lazy\" decoding=\"async\" width=\"724\" height=\"1024\" data-id=\"163\" src=\"https:\/\/arborethic.com\/JeromeHutin\/wp-content\/uploads\/2024\/10\/calendrier-2025_DELMON-GROUP-FINAL16-724x1024.jpg\" alt=\"\" class=\"wp-image-163\" srcset=\"https:\/\/arborethic.com\/JeromeHutin\/wp-content\/uploads\/2024\/10\/calendrier-2025_DELMON-GROUP-FINAL16-724x1024.jpg 724w, https:\/\/arborethic.com\/JeromeHutin\/wp-content\/uploads\/2024\/10\/calendrier-2025_DELMON-GROUP-FINAL16-212x300.jpg 212w, https:\/\/arborethic.com\/JeromeHutin\/wp-content\/uploads\/2024\/10\/calendrier-2025_DELMON-GROUP-FINAL16-768x1086.jpg 768w, https:\/\/arborethic.com\/JeromeHutin\/wp-content\/uploads\/2024\/10\/calendrier-2025_DELMON-GROUP-FINAL16-1086x1536.jpg 1086w, https:\/\/arborethic.com\/JeromeHutin\/wp-content\/uploads\/2024\/10\/calendrier-2025_DELMON-GROUP-FINAL16-1448x2048.jpg 1448w, https:\/\/arborethic.com\/JeromeHutin\/wp-content\/uploads\/2024\/10\/calendrier-2025_DELMON-GROUP-FINAL16-1140x1612.jpg 1140w, https:\/\/arborethic.com\/JeromeHutin\/wp-content\/uploads\/2024\/10\/calendrier-2025_DELMON-GROUP-FINAL16.jpg 1754w\" sizes=\"(max-width: 724px) 100vw, 724px\" \/><\/figure>\n\n\n\n<figure class=\"wp-block-image size-large\"><img loading=\"lazy\" decoding=\"async\" width=\"724\" height=\"1024\" data-id=\"164\" src=\"https:\/\/arborethic.com\/JeromeHutin\/wp-content\/uploads\/2024\/10\/calendrier-2025_DELMON-GROUP-FINAL17-724x1024.jpg\" alt=\"\" class=\"wp-image-164\" srcset=\"https:\/\/arborethic.com\/JeromeHutin\/wp-content\/uploads\/2024\/10\/calendrier-2025_DELMON-GROUP-FINAL17-724x1024.jpg 724w, https:\/\/arborethic.com\/JeromeHutin\/wp-content\/uploads\/2024\/10\/calendrier-2025_DELMON-GROUP-FINAL17-212x300.jpg 212w, https:\/\/arborethic.com\/JeromeHutin\/wp-content\/uploads\/2024\/10\/calendrier-2025_DELMON-GROUP-FINAL17-768x1086.jpg 768w, https:\/\/arborethic.com\/JeromeHutin\/wp-content\/uploads\/2024\/10\/calendrier-2025_DELMON-GROUP-FINAL17-1086x1536.jpg 1086w, https:\/\/arborethic.com\/JeromeHutin\/wp-content\/uploads\/2024\/10\/calendrier-2025_DELMON-GROUP-FINAL17-1448x2048.jpg 1448w, https:\/\/arborethic.com\/JeromeHutin\/wp-content\/uploads\/2024\/10\/calendrier-2025_DELMON-GROUP-FINAL17-1140x1612.jpg 1140w, https:\/\/arborethic.com\/JeromeHutin\/wp-content\/uploads\/2024\/10\/calendrier-2025_DELMON-GROUP-FINAL17.jpg 1754w\" sizes=\"(max-width: 724px) 100vw, 724px\" \/><\/figure>\n<\/figure>\n\n\n\n<figure class=\"wp-block-image size-large is-style-default\"><img loading=\"lazy\" decoding=\"async\" width=\"724\" height=\"1024\" src=\"https:\/\/arborethic.com\/JeromeHutin\/wp-content\/uploads\/2024\/10\/calendrier_2025_Compagnons_Reunis-724x1024.jpg\" alt=\"\" class=\"wp-image-154\" srcset=\"https:\/\/arborethic.com\/JeromeHutin\/wp-content\/uploads\/2024\/10\/calendrier_2025_Compagnons_Reunis-724x1024.jpg 724w, https:\/\/arborethic.com\/JeromeHutin\/wp-content\/uploads\/2024\/10\/calendrier_2025_Compagnons_Reunis-212x300.jpg 212w, https:\/\/arborethic.com\/JeromeHutin\/wp-content\/uploads\/2024\/10\/calendrier_2025_Compagnons_Reunis-768x1086.jpg 768w, https:\/\/arborethic.com\/JeromeHutin\/wp-content\/uploads\/2024\/10\/calendrier_2025_Compagnons_Reunis-1086x1536.jpg 1086w, https:\/\/arborethic.com\/JeromeHutin\/wp-content\/uploads\/2024\/10\/calendrier_2025_Compagnons_Reunis-1448x2048.jpg 1448w, https:\/\/arborethic.com\/JeromeHutin\/wp-content\/uploads\/2024\/10\/calendrier_2025_Compagnons_Reunis-1140x1612.jpg 1140w, https:\/\/arborethic.com\/JeromeHutin\/wp-content\/uploads\/2024\/10\/calendrier_2025_Compagnons_Reunis.jpg 1754w\" sizes=\"(max-width: 724px) 100vw, 724px\" \/><\/figure>\n\n\n\n<figure class=\"wp-block-gallery has-nested-images columns-2 is-cropped wp-block-gallery-3 is-layout-flex wp-block-gallery-is-layout-flex\">\n<figure class=\"wp-block-image size-large\"><img loading=\"lazy\" decoding=\"async\" width=\"724\" height=\"1024\" data-id=\"165\" src=\"https:\/\/arborethic.com\/JeromeHutin\/wp-content\/uploads\/2024\/10\/calendrier_2025_Compagnons_Reunis2-724x1024.jpg\" alt=\"\" class=\"wp-image-165\" srcset=\"https:\/\/arborethic.com\/JeromeHutin\/wp-content\/uploads\/2024\/10\/calendrier_2025_Compagnons_Reunis2-724x1024.jpg 724w, https:\/\/arborethic.com\/JeromeHutin\/wp-content\/uploads\/2024\/10\/calendrier_2025_Compagnons_Reunis2-212x300.jpg 212w, https:\/\/arborethic.com\/JeromeHutin\/wp-content\/uploads\/2024\/10\/calendrier_2025_Compagnons_Reunis2-768x1086.jpg 768w, https:\/\/arborethic.com\/JeromeHutin\/wp-content\/uploads\/2024\/10\/calendrier_2025_Compagnons_Reunis2-1086x1536.jpg 1086w, https:\/\/arborethic.com\/JeromeHutin\/wp-content\/uploads\/2024\/10\/calendrier_2025_Compagnons_Reunis2-1448x2048.jpg 1448w, https:\/\/arborethic.com\/JeromeHutin\/wp-content\/uploads\/2024\/10\/calendrier_2025_Compagnons_Reunis2-1140x1612.jpg 1140w, https:\/\/arborethic.com\/JeromeHutin\/wp-content\/uploads\/2024\/10\/calendrier_2025_Compagnons_Reunis2.jpg 1754w\" sizes=\"(max-width: 724px) 100vw, 724px\" \/><\/figure>\n\n\n\n<figure class=\"wp-block-image size-large\"><img loading=\"lazy\" decoding=\"async\" width=\"724\" height=\"1024\" data-id=\"155\" src=\"https:\/\/arborethic.com\/JeromeHutin\/wp-content\/uploads\/2024\/10\/calendrier_2025_Compagnons_Reunis3-724x1024.jpg\" alt=\"\" class=\"wp-image-155\" srcset=\"https:\/\/arborethic.com\/JeromeHutin\/wp-content\/uploads\/2024\/10\/calendrier_2025_Compagnons_Reunis3-724x1024.jpg 724w, https:\/\/arborethic.com\/JeromeHutin\/wp-content\/uploads\/2024\/10\/calendrier_2025_Compagnons_Reunis3-212x300.jpg 212w, https:\/\/arborethic.com\/JeromeHutin\/wp-content\/uploads\/2024\/10\/calendrier_2025_Compagnons_Reunis3-768x1086.jpg 768w, https:\/\/arborethic.com\/JeromeHutin\/wp-content\/uploads\/2024\/10\/calendrier_2025_Compagnons_Reunis3-1086x1536.jpg 1086w, https:\/\/arborethic.com\/JeromeHutin\/wp-content\/uploads\/2024\/10\/calendrier_2025_Compagnons_Reunis3-1448x2048.jpg 1448w, https:\/\/arborethic.com\/JeromeHutin\/wp-content\/uploads\/2024\/10\/calendrier_2025_Compagnons_Reunis3-1140x1612.jpg 1140w, https:\/\/arborethic.com\/JeromeHutin\/wp-content\/uploads\/2024\/10\/calendrier_2025_Compagnons_Reunis3.jpg 1754w\" sizes=\"(max-width: 724px) 100vw, 724px\" \/><\/figure>\n\n\n\n<figure class=\"wp-block-image size-large\"><img loading=\"lazy\" decoding=\"async\" width=\"724\" height=\"1024\" data-id=\"166\" src=\"https:\/\/arborethic.com\/JeromeHutin\/wp-content\/uploads\/2024\/10\/calendrier_2025_Compagnons_Reunis6-724x1024.jpg\" alt=\"\" class=\"wp-image-166\" srcset=\"https:\/\/arborethic.com\/JeromeHutin\/wp-content\/uploads\/2024\/10\/calendrier_2025_Compagnons_Reunis6-724x1024.jpg 724w, https:\/\/arborethic.com\/JeromeHutin\/wp-content\/uploads\/2024\/10\/calendrier_2025_Compagnons_Reunis6-212x300.jpg 212w, https:\/\/arborethic.com\/JeromeHutin\/wp-content\/uploads\/2024\/10\/calendrier_2025_Compagnons_Reunis6-768x1086.jpg 768w, https:\/\/arborethic.com\/JeromeHutin\/wp-content\/uploads\/2024\/10\/calendrier_2025_Compagnons_Reunis6-1086x1536.jpg 1086w, https:\/\/arborethic.com\/JeromeHutin\/wp-content\/uploads\/2024\/10\/calendrier_2025_Compagnons_Reunis6-1448x2048.jpg 1448w, https:\/\/arborethic.com\/JeromeHutin\/wp-content\/uploads\/2024\/10\/calendrier_2025_Compagnons_Reunis6-1140x1612.jpg 1140w, https:\/\/arborethic.com\/JeromeHutin\/wp-content\/uploads\/2024\/10\/calendrier_2025_Compagnons_Reunis6.jpg 1754w\" sizes=\"(max-width: 724px) 100vw, 724px\" \/><\/figure>\n\n\n\n<figure class=\"wp-block-image size-large\"><img loading=\"lazy\" decoding=\"async\" width=\"724\" height=\"1024\" data-id=\"167\" src=\"https:\/\/arborethic.com\/JeromeHutin\/wp-content\/uploads\/2024\/10\/calendrier_2025_Compagnons_Reunis17-1-724x1024.jpg\" alt=\"\" class=\"wp-image-167\" srcset=\"https:\/\/arborethic.com\/JeromeHutin\/wp-content\/uploads\/2024\/10\/calendrier_2025_Compagnons_Reunis17-1-724x1024.jpg 724w, https:\/\/arborethic.com\/JeromeHutin\/wp-content\/uploads\/2024\/10\/calendrier_2025_Compagnons_Reunis17-1-212x300.jpg 212w, https:\/\/arborethic.com\/JeromeHutin\/wp-content\/uploads\/2024\/10\/calendrier_2025_Compagnons_Reunis17-1-768x1086.jpg 768w, https:\/\/arborethic.com\/JeromeHutin\/wp-content\/uploads\/2024\/10\/calendrier_2025_Compagnons_Reunis17-1-1086x1536.jpg 1086w, https:\/\/arborethic.com\/JeromeHutin\/wp-content\/uploads\/2024\/10\/calendrier_2025_Compagnons_Reunis17-1-1448x2048.jpg 1448w, https:\/\/arborethic.com\/JeromeHutin\/wp-content\/uploads\/2024\/10\/calendrier_2025_Compagnons_Reunis17-1-1140x1612.jpg 1140w, https:\/\/arborethic.com\/JeromeHutin\/wp-content\/uploads\/2024\/10\/calendrier_2025_Compagnons_Reunis17-1.jpg 1754w\" sizes=\"(max-width: 724px) 100vw, 724px\" \/><\/figure>\n<\/figure>\n","protected":false},"excerpt":{"rendered":"<p>Pour 2025, je continue dans l&rsquo;auto \u00e9dition et le soutien des artisans imprimeurs locaux comme Idgraphic \u00e0 Montignac, au bord de la V\u00e9z\u00e8re, j&rsquo;auto-\u00e9dite mes nouveaux calendriers et agendas dont celui qui se nomme \u00ab\u00a040 ans de photographie\u00a0\u00bb, lequel regroupe quelques dizaine de photos des arbres mais pas seulement. Un grande projet : num\u00e9riser quelques [&hellip;]<\/p>\n","protected":false},"author":1,"featured_media":140,"comment_status":"open","ping_status":"open","sticky":false,"template":"","format":"standard","meta":{"footnotes":""},"categories":[8,5,7,3],"tags":[],"class_list":["post-267","post","type-post","status-publish","format-standard","has-post-thumbnail","hentry","category-auto-editions","category-autour-du-monde","category-calendriers","category-photographie"],"_links":{"self":[{"href":"https:\/\/arborethic.com\/JeromeHutin\/index.php\/wp-json\/wp\/v2\/posts\/267"}],"collection":[{"href":"https:\/\/arborethic.com\/JeromeHutin\/index.php\/wp-json\/wp\/v2\/posts"}],"about":[{"href":"https:\/\/arborethic.com\/JeromeHutin\/index.php\/wp-json\/wp\/v2\/types\/post"}],"author":[{"embeddable":true,"href":"https:\/\/arborethic.com\/JeromeHutin\/index.php\/wp-json\/wp\/v2\/users\/1"}],"replies":[{"embeddable":true,"href":"https:\/\/arborethic.com\/JeromeHutin\/index.php\/wp-json\/wp\/v2\/comments?post=267"}],"version-history":[{"count":7,"href":"https:\/\/arborethic.com\/JeromeHutin\/index.php\/wp-json\/wp\/v2\/posts\/267\/revisions"}],"predecessor-version":[{"id":355,"href":"https:\/\/arborethic.com\/JeromeHutin\/index.php\/wp-json\/wp\/v2\/posts\/267\/revisions\/355"}],"wp:featuredmedia":[{"embeddable":true,"href":"https:\/\/arborethic.com\/JeromeHutin\/index.php\/wp-json\/wp\/v2\/media\/140"}],"wp:attachment":[{"href":"https:\/\/arborethic.com\/JeromeHutin\/index.php\/wp-json\/wp\/v2\/media?parent=267"}],"wp:term":[{"taxonomy":"category","embeddable":true,"href":"https:\/\/arborethic.com\/JeromeHutin\/index.php\/wp-json\/wp\/v2\/categories?post=267"},{"taxonomy":"post_tag","embeddable":true,"href":"https:\/\/arborethic.com\/JeromeHutin\/index.php\/wp-json\/wp\/v2\/tags?post=267"}],"curies":[{"name":"wp","href":"https:\/\/api.w.org\/{rel}","templated":true}]}}